{"id":8882,"date":"2022-04-29T10:00:00","date_gmt":"2022-04-29T09:00:00","guid":{"rendered":"https:\/\/jlc.pt\/?p=8882"},"modified":"2025-07-30T16:10:53","modified_gmt":"2025-07-30T15:10:53","slug":"discover-the-2022-collection","status":"publish","type":"post","link":"https:\/\/jlc.pt\/en\/discover-the-2022-collection\/","title":{"rendered":"Discover the JLC 2022 Collection"},"content":{"rendered":"\n<p class=\"has-medium-font-size\"><strong>Collection 2022, Serenity and authenticity in every form<\/strong><\/p>\n\n<p>After two years that changed the rhythm of the world, Jos\u00e9 Leite de Castro unveils the 2022 collection, an expression of serenity and authenticity at the heart of every space.<\/p>\n\n<figure class=\"wp-block-image aligncenter size-full\"><img decoding=\"async\" width=\"1920\" height=\"1250\" src=\"https:\/\/jlc.pt\/wp-content\/uploads\/2025\/07\/Colecao_2022_02.webp\" alt=\"\" class=\"wp-image-8898\" srcset=\"https:\/\/jlc.pt\/wp-content\/uploads\/2025\/07\/Colecao_2022_02.webp 1920w, https:\/\/jlc.pt\/wp-content\/uploads\/2025\/07\/Colecao_2022_02-300x195.webp 300w, https:\/\/jlc.pt\/wp-content\/uploads\/2025\/07\/Colecao_2022_02-1024x667.webp 1024w, https:\/\/jlc.pt\/wp-content\/uploads\/2025\/07\/Colecao_2022_02-768x500.webp 768w, https:\/\/jlc.pt\/wp-content\/uploads\/2025\/07\/Colecao_2022_02-1536x1000.webp 1536w, https:\/\/jlc.pt\/wp-content\/uploads\/2025\/07\/Colecao_2022_02-850x553.webp 850w, https:\/\/jlc.pt\/wp-content\/uploads\/2025\/07\/Colecao_2022_02-500x326.webp 500w\" sizes=\"(max-width: 1920px) 100vw, 1920px\" \/><\/figure>\n\n<div style=\"height:50px\" aria-hidden=\"true\" class=\"wp-block-spacer\"><\/div>\n\n<p>With an introspective vision of the past and the future, the collection revisits iconic pieces, updating them with new materials and fabrics. The result is pieces that express serene elegance, where comfort and authenticity take center stage. <\/p>\n\n<p>Attention to detail and artisanal craftsmanship are reflected in the combination of natural materials, fluid lines, and unique volumes, creating a natural harmony between form and function. Neutral tones and subtly worked patterns enhance the connection between textures, bringing warmth and timelessness to every space. <\/p>\n\n<div class=\"wp-block-media-text is-stacked-on-mobile\"><figure class=\"wp-block-media-text__media\"><img decoding=\"async\" width=\"683\" height=\"1024\" src=\"https:\/\/jlc.pt\/wp-content\/uploads\/2025\/07\/Colecao_2022_05-683x1024.webp\" alt=\"\" class=\"wp-image-8900 size-full\" srcset=\"https:\/\/jlc.pt\/wp-content\/uploads\/2025\/07\/Colecao_2022_05-683x1024.webp 683w, https:\/\/jlc.pt\/wp-content\/uploads\/2025\/07\/Colecao_2022_05-200x300.webp 200w, https:\/\/jlc.pt\/wp-content\/uploads\/2025\/07\/Colecao_2022_05-768x1152.webp 768w, https:\/\/jlc.pt\/wp-content\/uploads\/2025\/07\/Colecao_2022_05-1024x1536.webp 1024w, https:\/\/jlc.pt\/wp-content\/uploads\/2025\/07\/Colecao_2022_05-850x1275.webp 850w, https:\/\/jlc.pt\/wp-content\/uploads\/2025\/07\/Colecao_2022_05-500x750.webp 500w, https:\/\/jlc.pt\/wp-content\/uploads\/2025\/07\/Colecao_2022_05.webp 1200w\" sizes=\"(max-width: 683px) 100vw, 683px\" \/><\/figure><div class=\"wp-block-media-text__content\">\n<blockquote class=\"wp-block-quote is-layout-flow wp-block-quote-is-layout-flow\">\n<p><em>&#8220;<\/em>Proportions are fundamental when designing and combining furniture pieces in an interior space.<br\/>The pieces should adapt to the space to create a cohesive and sophisticated environment.&#8221;<\/p>\n<cite>\u2014 Jos\u00e9 Leite de Castro<\/cite><\/blockquote>\n<\/div><\/div>\n\n<div style=\"height:50px\" aria-hidden=\"true\" class=\"wp-block-spacer\"><\/div>\n\n<p>More than just furniture, this collection embodies the concept of a welcoming and safe home, where the balance between space and craftsmanship is celebrated.<\/p>\n\n<figure class=\"wp-block-image aligncenter size-full\"><img decoding=\"async\" width=\"1920\" height=\"1080\" src=\"https:\/\/jlc.pt\/wp-content\/uploads\/2025\/07\/Colecao_2022_01.webp\" alt=\"\" class=\"wp-image-8902\" srcset=\"https:\/\/jlc.pt\/wp-content\/uploads\/2025\/07\/Colecao_2022_01.webp 1920w, https:\/\/jlc.pt\/wp-content\/uploads\/2025\/07\/Colecao_2022_01-300x169.webp 300w, https:\/\/jlc.pt\/wp-content\/uploads\/2025\/07\/Colecao_2022_01-1024x576.webp 1024w, https:\/\/jlc.pt\/wp-content\/uploads\/2025\/07\/Colecao_2022_01-768x432.webp 768w, https:\/\/jlc.pt\/wp-content\/uploads\/2025\/07\/Colecao_2022_01-1536x864.webp 1536w, https:\/\/jlc.pt\/wp-content\/uploads\/2025\/07\/Colecao_2022_01-850x478.webp 850w, https:\/\/jlc.pt\/wp-content\/uploads\/2025\/07\/Colecao_2022_01-500x281.webp 500w\" sizes=\"(max-width: 1920px) 100vw, 1920px\" \/><\/figure>\n\n<div style=\"height:50px\" aria-hidden=\"true\" class=\"wp-block-spacer\"><\/div>\n\n<figure class=\"wp-block-gallery has-nested-images columns-default is-cropped wp-block-gallery-1 is-layout-flex wp-block-gallery-is-layout-flex\">\n<figure class=\"wp-block-image size-large\"><a href=\"https:\/\/jlc.pt\/en\/product\/coffee-table-narga\/\" target=\"_blank\" rel=\" noreferrer noopener\"><img decoding=\"async\" width=\"1024\" height=\"768\" data-id=\"8889\" src=\"https:\/\/jlc.pt\/wp-content\/uploads\/2025\/07\/jlc-mesaauxiliar-narga-13013083-frente-1024x768.webp\" alt=\"\" class=\"wp-image-8889\" srcset=\"https:\/\/jlc.pt\/wp-content\/uploads\/2025\/07\/jlc-mesaauxiliar-narga-13013083-frente-1024x768.webp 1024w, https:\/\/jlc.pt\/wp-content\/uploads\/2025\/07\/jlc-mesaauxiliar-narga-13013083-frente-300x225.webp 300w, https:\/\/jlc.pt\/wp-content\/uploads\/2025\/07\/jlc-mesaauxiliar-narga-13013083-frente-768x576.webp 768w, https:\/\/jlc.pt\/wp-content\/uploads\/2025\/07\/jlc-mesaauxiliar-narga-13013083-frente-1536x1152.webp 1536w, https:\/\/jlc.pt\/wp-content\/uploads\/2025\/07\/jlc-mesaauxiliar-narga-13013083-frente-2048x1536.webp 2048w, https:\/\/jlc.pt\/wp-content\/uploads\/2025\/07\/jlc-mesaauxiliar-narga-13013083-frente-850x638.webp 850w, https:\/\/jlc.pt\/wp-content\/uploads\/2025\/07\/jlc-mesaauxiliar-narga-13013083-frente-500x375.webp 500w\" sizes=\"(max-width: 1024px) 100vw, 1024px\" \/><\/a><\/figure>\n\n\n\n<figure class=\"wp-block-image size-large\"><a href=\"https:\/\/jlc.pt\/en\/product\/dining-table-agave\/\" target=\"_blank\" rel=\" noreferrer noopener\"><img decoding=\"async\" width=\"1024\" height=\"768\" data-id=\"8895\" src=\"https:\/\/jlc.pt\/wp-content\/uploads\/2025\/07\/jlc-mesadejantar-agave-13209693-1024x768.webp\" alt=\"\" class=\"wp-image-8895\" srcset=\"https:\/\/jlc.pt\/wp-content\/uploads\/2025\/07\/jlc-mesadejantar-agave-13209693-1024x768.webp 1024w, https:\/\/jlc.pt\/wp-content\/uploads\/2025\/07\/jlc-mesadejantar-agave-13209693-300x225.webp 300w, https:\/\/jlc.pt\/wp-content\/uploads\/2025\/07\/jlc-mesadejantar-agave-13209693-768x576.webp 768w, https:\/\/jlc.pt\/wp-content\/uploads\/2025\/07\/jlc-mesadejantar-agave-13209693-1536x1152.webp 1536w, https:\/\/jlc.pt\/wp-content\/uploads\/2025\/07\/jlc-mesadejantar-agave-13209693-2048x1536.webp 2048w, https:\/\/jlc.pt\/wp-content\/uploads\/2025\/07\/jlc-mesadejantar-agave-13209693-850x638.webp 850w, https:\/\/jlc.pt\/wp-content\/uploads\/2025\/07\/jlc-mesadejantar-agave-13209693-500x375.webp 500w\" sizes=\"(max-width: 1024px) 100vw, 1024px\" \/><\/a><\/figure>\n\n\n\n<figure class=\"wp-block-image size-large\"><a href=\"https:\/\/jlc.pt\/en\/product\/console-bridje\/\" target=\"_blank\" rel=\" noreferrer noopener\"><img decoding=\"async\" width=\"1024\" height=\"768\" data-id=\"8887\" src=\"https:\/\/jlc.pt\/wp-content\/uploads\/2025\/07\/jlc-consola-bridje-12007415-frente-1024x768.webp\" alt=\"\" class=\"wp-image-8887\" srcset=\"https:\/\/jlc.pt\/wp-content\/uploads\/2025\/07\/jlc-consola-bridje-12007415-frente-1024x768.webp 1024w, https:\/\/jlc.pt\/wp-content\/uploads\/2025\/07\/jlc-consola-bridje-12007415-frente-300x225.webp 300w, https:\/\/jlc.pt\/wp-content\/uploads\/2025\/07\/jlc-consola-bridje-12007415-frente-768x576.webp 768w, https:\/\/jlc.pt\/wp-content\/uploads\/2025\/07\/jlc-consola-bridje-12007415-frente-1536x1152.webp 1536w, https:\/\/jlc.pt\/wp-content\/uploads\/2025\/07\/jlc-consola-bridje-12007415-frente-2048x1536.webp 2048w, https:\/\/jlc.pt\/wp-content\/uploads\/2025\/07\/jlc-consola-bridje-12007415-frente-850x638.webp 850w, https:\/\/jlc.pt\/wp-content\/uploads\/2025\/07\/jlc-consola-bridje-12007415-frente-500x375.webp 500w\" sizes=\"(max-width: 1024px) 100vw, 1024px\" \/><\/a><\/figure>\n\n\n\n<figure class=\"wp-block-image size-large\"><a href=\"https:\/\/jlc.pt\/en\/product\/armchair-dom\/\" target=\"_blank\" rel=\" noreferrer noopener\"><img decoding=\"async\" width=\"1024\" height=\"768\" data-id=\"8891\" src=\"https:\/\/jlc.pt\/wp-content\/uploads\/2025\/07\/jlc-cadeirao-dom-12711212-1024x768.webp\" alt=\"\" class=\"wp-image-8891\" srcset=\"https:\/\/jlc.pt\/wp-content\/uploads\/2025\/07\/jlc-cadeirao-dom-12711212-1024x768.webp 1024w, https:\/\/jlc.pt\/wp-content\/uploads\/2025\/07\/jlc-cadeirao-dom-12711212-300x225.webp 300w, https:\/\/jlc.pt\/wp-content\/uploads\/2025\/07\/jlc-cadeirao-dom-12711212-768x576.webp 768w, https:\/\/jlc.pt\/wp-content\/uploads\/2025\/07\/jlc-cadeirao-dom-12711212-1536x1152.webp 1536w, https:\/\/jlc.pt\/wp-content\/uploads\/2025\/07\/jlc-cadeirao-dom-12711212-2048x1536.webp 2048w, https:\/\/jlc.pt\/wp-content\/uploads\/2025\/07\/jlc-cadeirao-dom-12711212-850x638.webp 850w, https:\/\/jlc.pt\/wp-content\/uploads\/2025\/07\/jlc-cadeirao-dom-12711212-500x375.webp 500w\" sizes=\"(max-width: 1024px) 100vw, 1024px\" \/><\/a><\/figure>\n\n\n\n<figure class=\"wp-block-image size-large\"><a href=\"https:\/\/jlc.pt\/en\/product\/sofa-inga\/\" target=\"_blank\" rel=\" noreferrer noopener\"><img decoding=\"async\" width=\"1024\" height=\"768\" data-id=\"8893\" src=\"https:\/\/jlc.pt\/wp-content\/uploads\/2025\/07\/jlc-sofa-inga-13928354-1024x768.webp\" alt=\"\" class=\"wp-image-8893\" srcset=\"https:\/\/jlc.pt\/wp-content\/uploads\/2025\/07\/jlc-sofa-inga-13928354-1024x768.webp 1024w, https:\/\/jlc.pt\/wp-content\/uploads\/2025\/07\/jlc-sofa-inga-13928354-300x225.webp 300w, https:\/\/jlc.pt\/wp-content\/uploads\/2025\/07\/jlc-sofa-inga-13928354-768x576.webp 768w, https:\/\/jlc.pt\/wp-content\/uploads\/2025\/07\/jlc-sofa-inga-13928354-1536x1152.webp 1536w, https:\/\/jlc.pt\/wp-content\/uploads\/2025\/07\/jlc-sofa-inga-13928354-2048x1536.webp 2048w, https:\/\/jlc.pt\/wp-content\/uploads\/2025\/07\/jlc-sofa-inga-13928354-850x638.webp 850w, https:\/\/jlc.pt\/wp-content\/uploads\/2025\/07\/jlc-sofa-inga-13928354-500x375.webp 500w\" sizes=\"(max-width: 1024px) 100vw, 1024px\" \/><\/a><\/figure>\n\n\n\n<figure class=\"wp-block-image size-large\"><a href=\"https:\/\/jlc.pt\/en\/product\/armchair-shae\/\" target=\"_blank\" rel=\" noreferrer noopener\"><img decoding=\"async\" width=\"1024\" height=\"768\" data-id=\"8885\" src=\"https:\/\/jlc.pt\/wp-content\/uploads\/2025\/07\/jlc-cadeirao-shae-12711235-1024x768.webp\" alt=\"\" class=\"wp-image-8885\" srcset=\"https:\/\/jlc.pt\/wp-content\/uploads\/2025\/07\/jlc-cadeirao-shae-12711235-1024x768.webp 1024w, https:\/\/jlc.pt\/wp-content\/uploads\/2025\/07\/jlc-cadeirao-shae-12711235-300x225.webp 300w, https:\/\/jlc.pt\/wp-content\/uploads\/2025\/07\/jlc-cadeirao-shae-12711235-768x576.webp 768w, https:\/\/jlc.pt\/wp-content\/uploads\/2025\/07\/jlc-cadeirao-shae-12711235-1536x1152.webp 1536w, https:\/\/jlc.pt\/wp-content\/uploads\/2025\/07\/jlc-cadeirao-shae-12711235-2048x1536.webp 2048w, https:\/\/jlc.pt\/wp-content\/uploads\/2025\/07\/jlc-cadeirao-shae-12711235-850x638.webp 850w, https:\/\/jlc.pt\/wp-content\/uploads\/2025\/07\/jlc-cadeirao-shae-12711235-500x375.webp 500w\" sizes=\"(max-width: 1024px) 100vw, 1024px\" \/><\/a><\/figure>\n<\/figure>\n\n<div style=\"height:40px\" aria-hidden=\"true\" class=\"wp-block-spacer\"><\/div>\n\n<div class=\"wp-block-buttons is-content-justification-center is-layout-flex wp-container-core-buttons-is-layout-a89b3969 wp-block-buttons-is-layout-flex\">\n<div class=\"wp-block-button is-style-outline is-style-outline--2\"><a class=\"wp-block-button__link has-text-align-center wp-element-button\" href=\"https:\/\/jlc.pt\/en\/products\/?collection=2022\" target=\"_blank\" rel=\"noreferrer noopener\">Discover the 2022 collection<\/a><\/div>\n<\/div>\n\n<div style=\"height:40px\" aria-hidden=\"true\" class=\"wp-block-spacer\"><\/div>\n\n<hr class=\"wp-block-separator has-alpha-channel-opacity is-style-default\"\/>\n\n<div style=\"height:40px\" aria-hidden=\"true\" class=\"wp-block-spacer\"><\/div>\n\n<p>Alongside this new collection, we also present the <strong>Flash Magazine 2022<\/strong>, the catalog featuring all models, dimensions, and finishes.<\/p>\n\n<p>Available on the B2B Portal.<\/p>\n\n<div class=\"wp-block-buttons is-content-justification-center is-layout-flex wp-container-core-buttons-is-layout-a89b3969 wp-block-buttons-is-layout-flex\">\n<div class=\"wp-block-button is-style-outline is-style-outline--3\"><a class=\"wp-block-button__link wp-element-button\" href=\"https:\/\/jlc.pt\/en\/b2b-portal\/catalogues\/\" target=\"_blank\" rel=\"noreferrer noopener\">Digital Version<\/a><\/div>\n<\/div>\n\n<p><\/p>\n","protected":false},"excerpt":{"rendered":"<p>A reflection on the past and the future that brings to life pieces where comfort and elegance meet.<\/p>\n","protected":false},"author":15,"featured_media":8899,"comment_status":"open","ping_status":"open","sticky":false,"template":"","format":"standard","meta":{"footnotes":""},"categories":[35],"tags":[],"class_list":["post-8882","post","type-post","status-publish","format-standard","has-post-thumbnail","hentry","category-news"],"yoast_head":"<!-- This site is optimized with the Yoast SEO plugin v27.5 - https:\/\/yoast.com\/product\/yoast-seo-wordpress\/ -->\n<title>Discover the JLC 2022 Collection - JLC<\/title>\n<meta name=\"robots\" content=\"index, follow, max-snippet:-1, max-image-preview:large, max-video-preview:-1\" \/>\n<link rel=\"canonical\" href=\"https:\/\/jlc.pt\/en\/discover-the-2022-collection\/\" \/>\n<meta property=\"og:locale\" content=\"en_US\" \/>\n<meta property=\"og:type\" content=\"article\" \/>\n<meta property=\"og:title\" content=\"Discover the JLC 2022 Collection - JLC\" \/>\n<meta property=\"og:description\" content=\"A reflection on the past and the future that brings to life pieces where comfort and elegance meet.\" \/>\n<meta property=\"og:url\" content=\"https:\/\/jlc.pt\/en\/discover-the-2022-collection\/\" \/>\n<meta property=\"og:site_name\" content=\"JLC\" \/>\n<meta property=\"article:publisher\" content=\"https:\/\/www.facebook.com\/joseleitedecastro\/\" \/>\n<meta property=\"article:published_time\" content=\"2022-04-29T09:00:00+00:00\" \/>\n<meta property=\"article:modified_time\" content=\"2025-07-30T15:10:53+00:00\" \/>\n<meta property=\"og:image\" content=\"https:\/\/jlc.pt\/wp-content\/uploads\/2025\/07\/Colecao_2022_02.webp\" \/>\n\t<meta property=\"og:image:width\" content=\"1920\" \/>\n\t<meta property=\"og:image:height\" content=\"1250\" \/>\n\t<meta property=\"og:image:type\" content=\"image\/webp\" \/>\n<meta name=\"author\" content=\"juliano.mourao\" \/>\n<meta name=\"twitter:card\" content=\"summary_large_image\" \/>\n<meta name=\"twitter:label1\" content=\"Written by\" \/>\n\t<meta name=\"twitter:data1\" content=\"juliano.mourao\" \/>\n\t<meta name=\"twitter:label2\" content=\"Est. reading time\" \/>\n\t<meta name=\"twitter:data2\" content=\"3 minutes\" \/>\n<script type=\"application\/ld+json\" class=\"yoast-schema-graph\">{\"@context\":\"https:\\\/\\\/schema.org\",\"@graph\":[{\"@type\":\"Article\",\"@id\":\"https:\\\/\\\/jlc.pt\\\/en\\\/discover-the-2022-collection\\\/#article\",\"isPartOf\":{\"@id\":\"https:\\\/\\\/jlc.pt\\\/en\\\/discover-the-2022-collection\\\/\"},\"author\":{\"name\":\"juliano.mourao\",\"@id\":\"https:\\\/\\\/jlc.pt\\\/en\\\/#\\\/schema\\\/person\\\/4154b1a8cc4e20bf6ef3c97e52da5f28\"},\"headline\":\"Discover the JLC 2022 Collection\",\"datePublished\":\"2022-04-29T09:00:00+00:00\",\"dateModified\":\"2025-07-30T15:10:53+00:00\",\"mainEntityOfPage\":{\"@id\":\"https:\\\/\\\/jlc.pt\\\/en\\\/discover-the-2022-collection\\\/\"},\"wordCount\":206,\"commentCount\":0,\"publisher\":{\"@id\":\"https:\\\/\\\/jlc.pt\\\/en\\\/#organization\"},\"image\":{\"@id\":\"https:\\\/\\\/jlc.pt\\\/en\\\/discover-the-2022-collection\\\/#primaryimage\"},\"thumbnailUrl\":\"https:\\\/\\\/jlc.pt\\\/wp-content\\\/uploads\\\/2025\\\/07\\\/Colecao_2022_02.webp\",\"articleSection\":[\"News\"],\"inLanguage\":\"en-US\",\"potentialAction\":[{\"@type\":\"CommentAction\",\"name\":\"Comment\",\"target\":[\"https:\\\/\\\/jlc.pt\\\/en\\\/discover-the-2022-collection\\\/#respond\"]}]},{\"@type\":\"WebPage\",\"@id\":\"https:\\\/\\\/jlc.pt\\\/en\\\/discover-the-2022-collection\\\/\",\"url\":\"https:\\\/\\\/jlc.pt\\\/en\\\/discover-the-2022-collection\\\/\",\"name\":\"Discover the JLC 2022 Collection - JLC\",\"isPartOf\":{\"@id\":\"https:\\\/\\\/jlc.pt\\\/en\\\/#website\"},\"primaryImageOfPage\":{\"@id\":\"https:\\\/\\\/jlc.pt\\\/en\\\/discover-the-2022-collection\\\/#primaryimage\"},\"image\":{\"@id\":\"https:\\\/\\\/jlc.pt\\\/en\\\/discover-the-2022-collection\\\/#primaryimage\"},\"thumbnailUrl\":\"https:\\\/\\\/jlc.pt\\\/wp-content\\\/uploads\\\/2025\\\/07\\\/Colecao_2022_02.webp\",\"datePublished\":\"2022-04-29T09:00:00+00:00\",\"dateModified\":\"2025-07-30T15:10:53+00:00\",\"breadcrumb\":{\"@id\":\"https:\\\/\\\/jlc.pt\\\/en\\\/discover-the-2022-collection\\\/#breadcrumb\"},\"inLanguage\":\"en-US\",\"potentialAction\":[{\"@type\":\"ReadAction\",\"target\":[\"https:\\\/\\\/jlc.pt\\\/en\\\/discover-the-2022-collection\\\/\"]}]},{\"@type\":\"ImageObject\",\"inLanguage\":\"en-US\",\"@id\":\"https:\\\/\\\/jlc.pt\\\/en\\\/discover-the-2022-collection\\\/#primaryimage\",\"url\":\"https:\\\/\\\/jlc.pt\\\/wp-content\\\/uploads\\\/2025\\\/07\\\/Colecao_2022_02.webp\",\"contentUrl\":\"https:\\\/\\\/jlc.pt\\\/wp-content\\\/uploads\\\/2025\\\/07\\\/Colecao_2022_02.webp\",\"width\":1920,\"height\":1250},{\"@type\":\"BreadcrumbList\",\"@id\":\"https:\\\/\\\/jlc.pt\\\/en\\\/discover-the-2022-collection\\\/#breadcrumb\",\"itemListElement\":[{\"@type\":\"ListItem\",\"position\":1,\"name\":\"In\u00edcio\",\"item\":\"https:\\\/\\\/jlc.pt\\\/en\\\/\"},{\"@type\":\"ListItem\",\"position\":2,\"name\":\"Discover the JLC 2022 Collection\"}]},{\"@type\":\"WebSite\",\"@id\":\"https:\\\/\\\/jlc.pt\\\/en\\\/#website\",\"url\":\"https:\\\/\\\/jlc.pt\\\/en\\\/\",\"name\":\"JLC\",\"description\":\"Jos\u00e9 Leite de Castro | Concep\u00e7\u00e3o e Produ\u00e7\u00e3o de Mobili\u00e1rio\",\"publisher\":{\"@id\":\"https:\\\/\\\/jlc.pt\\\/en\\\/#organization\"},\"potentialAction\":[{\"@type\":\"SearchAction\",\"target\":{\"@type\":\"EntryPoint\",\"urlTemplate\":\"https:\\\/\\\/jlc.pt\\\/en\\\/?s={search_term_string}\"},\"query-input\":{\"@type\":\"PropertyValueSpecification\",\"valueRequired\":true,\"valueName\":\"search_term_string\"}}],\"inLanguage\":\"en-US\"},{\"@type\":\"Organization\",\"@id\":\"https:\\\/\\\/jlc.pt\\\/en\\\/#organization\",\"name\":\"Jos\u00e9 Leite de Castro\",\"url\":\"https:\\\/\\\/jlc.pt\\\/en\\\/\",\"logo\":{\"@type\":\"ImageObject\",\"inLanguage\":\"en-US\",\"@id\":\"https:\\\/\\\/jlc.pt\\\/en\\\/#\\\/schema\\\/logo\\\/image\\\/\",\"url\":\"https:\\\/\\\/jlc.pt\\\/wp-content\\\/uploads\\\/2024\\\/11\\\/jlc-logo-g.png\",\"contentUrl\":\"https:\\\/\\\/jlc.pt\\\/wp-content\\\/uploads\\\/2024\\\/11\\\/jlc-logo-g.png\",\"width\":75,\"height\":64,\"caption\":\"Jos\u00e9 Leite de Castro\"},\"image\":{\"@id\":\"https:\\\/\\\/jlc.pt\\\/en\\\/#\\\/schema\\\/logo\\\/image\\\/\"},\"sameAs\":[\"https:\\\/\\\/www.facebook.com\\\/joseleitedecastro\\\/\",\"https:\\\/\\\/www.linkedin.com\\\/company\\\/joseleitedecastro\\\/\",\"https:\\\/\\\/www.instagram.com\\\/joseleitedecastro\\\/\",\"https:\\\/\\\/pt.pinterest.com\\\/joseleitedecastro\\\/\"]},{\"@type\":\"Person\",\"@id\":\"https:\\\/\\\/jlc.pt\\\/en\\\/#\\\/schema\\\/person\\\/4154b1a8cc4e20bf6ef3c97e52da5f28\",\"name\":\"juliano.mourao\",\"image\":{\"@type\":\"ImageObject\",\"inLanguage\":\"en-US\",\"@id\":\"https:\\\/\\\/secure.gravatar.com\\\/avatar\\\/2b6d8402404c79080939cc632fc9caf4ebd2f50403e58ba8eec5ecabad1c7c83?s=96&d=mm&r=g\",\"url\":\"https:\\\/\\\/secure.gravatar.com\\\/avatar\\\/2b6d8402404c79080939cc632fc9caf4ebd2f50403e58ba8eec5ecabad1c7c83?s=96&d=mm&r=g\",\"contentUrl\":\"https:\\\/\\\/secure.gravatar.com\\\/avatar\\\/2b6d8402404c79080939cc632fc9caf4ebd2f50403e58ba8eec5ecabad1c7c83?s=96&d=mm&r=g\",\"caption\":\"juliano.mourao\"}}]}<\/script>\n<!-- \/ Yoast SEO plugin. -->","yoast_head_json":{"title":"Discover the JLC 2022 Collection - JLC","robots":{"index":"index","follow":"follow","max-snippet":"max-snippet:-1","max-image-preview":"max-image-preview:large","max-video-preview":"max-video-preview:-1"},"canonical":"https:\/\/jlc.pt\/en\/discover-the-2022-collection\/","og_locale":"en_US","og_type":"article","og_title":"Discover the JLC 2022 Collection - JLC","og_description":"A reflection on the past and the future that brings to life pieces where comfort and elegance meet.","og_url":"https:\/\/jlc.pt\/en\/discover-the-2022-collection\/","og_site_name":"JLC","article_publisher":"https:\/\/www.facebook.com\/joseleitedecastro\/","article_published_time":"2022-04-29T09:00:00+00:00","article_modified_time":"2025-07-30T15:10:53+00:00","og_image":[{"width":1920,"height":1250,"url":"https:\/\/jlc.pt\/wp-content\/uploads\/2025\/07\/Colecao_2022_02.webp","type":"image\/webp"}],"author":"juliano.mourao","twitter_card":"summary_large_image","twitter_misc":{"Written by":"juliano.mourao","Est. reading time":"3 minutes"},"schema":{"@context":"https:\/\/schema.org","@graph":[{"@type":"Article","@id":"https:\/\/jlc.pt\/en\/discover-the-2022-collection\/#article","isPartOf":{"@id":"https:\/\/jlc.pt\/en\/discover-the-2022-collection\/"},"author":{"name":"juliano.mourao","@id":"https:\/\/jlc.pt\/en\/#\/schema\/person\/4154b1a8cc4e20bf6ef3c97e52da5f28"},"headline":"Discover the JLC 2022 Collection","datePublished":"2022-04-29T09:00:00+00:00","dateModified":"2025-07-30T15:10:53+00:00","mainEntityOfPage":{"@id":"https:\/\/jlc.pt\/en\/discover-the-2022-collection\/"},"wordCount":206,"commentCount":0,"publisher":{"@id":"https:\/\/jlc.pt\/en\/#organization"},"image":{"@id":"https:\/\/jlc.pt\/en\/discover-the-2022-collection\/#primaryimage"},"thumbnailUrl":"https:\/\/jlc.pt\/wp-content\/uploads\/2025\/07\/Colecao_2022_02.webp","articleSection":["News"],"inLanguage":"en-US","potentialAction":[{"@type":"CommentAction","name":"Comment","target":["https:\/\/jlc.pt\/en\/discover-the-2022-collection\/#respond"]}]},{"@type":"WebPage","@id":"https:\/\/jlc.pt\/en\/discover-the-2022-collection\/","url":"https:\/\/jlc.pt\/en\/discover-the-2022-collection\/","name":"Discover the JLC 2022 Collection - JLC","isPartOf":{"@id":"https:\/\/jlc.pt\/en\/#website"},"primaryImageOfPage":{"@id":"https:\/\/jlc.pt\/en\/discover-the-2022-collection\/#primaryimage"},"image":{"@id":"https:\/\/jlc.pt\/en\/discover-the-2022-collection\/#primaryimage"},"thumbnailUrl":"https:\/\/jlc.pt\/wp-content\/uploads\/2025\/07\/Colecao_2022_02.webp","datePublished":"2022-04-29T09:00:00+00:00","dateModified":"2025-07-30T15:10:53+00:00","breadcrumb":{"@id":"https:\/\/jlc.pt\/en\/discover-the-2022-collection\/#breadcrumb"},"inLanguage":"en-US","potentialAction":[{"@type":"ReadAction","target":["https:\/\/jlc.pt\/en\/discover-the-2022-collection\/"]}]},{"@type":"ImageObject","inLanguage":"en-US","@id":"https:\/\/jlc.pt\/en\/discover-the-2022-collection\/#primaryimage","url":"https:\/\/jlc.pt\/wp-content\/uploads\/2025\/07\/Colecao_2022_02.webp","contentUrl":"https:\/\/jlc.pt\/wp-content\/uploads\/2025\/07\/Colecao_2022_02.webp","width":1920,"height":1250},{"@type":"BreadcrumbList","@id":"https:\/\/jlc.pt\/en\/discover-the-2022-collection\/#breadcrumb","itemListElement":[{"@type":"ListItem","position":1,"name":"In\u00edcio","item":"https:\/\/jlc.pt\/en\/"},{"@type":"ListItem","position":2,"name":"Discover the JLC 2022 Collection"}]},{"@type":"WebSite","@id":"https:\/\/jlc.pt\/en\/#website","url":"https:\/\/jlc.pt\/en\/","name":"JLC","description":"Jos\u00e9 Leite de Castro | Concep\u00e7\u00e3o e Produ\u00e7\u00e3o de Mobili\u00e1rio","publisher":{"@id":"https:\/\/jlc.pt\/en\/#organization"},"potentialAction":[{"@type":"SearchAction","target":{"@type":"EntryPoint","urlTemplate":"https:\/\/jlc.pt\/en\/?s={search_term_string}"},"query-input":{"@type":"PropertyValueSpecification","valueRequired":true,"valueName":"search_term_string"}}],"inLanguage":"en-US"},{"@type":"Organization","@id":"https:\/\/jlc.pt\/en\/#organization","name":"Jos\u00e9 Leite de Castro","url":"https:\/\/jlc.pt\/en\/","logo":{"@type":"ImageObject","inLanguage":"en-US","@id":"https:\/\/jlc.pt\/en\/#\/schema\/logo\/image\/","url":"https:\/\/jlc.pt\/wp-content\/uploads\/2024\/11\/jlc-logo-g.png","contentUrl":"https:\/\/jlc.pt\/wp-content\/uploads\/2024\/11\/jlc-logo-g.png","width":75,"height":64,"caption":"Jos\u00e9 Leite de Castro"},"image":{"@id":"https:\/\/jlc.pt\/en\/#\/schema\/logo\/image\/"},"sameAs":["https:\/\/www.facebook.com\/joseleitedecastro\/","https:\/\/www.linkedin.com\/company\/joseleitedecastro\/","https:\/\/www.instagram.com\/joseleitedecastro\/","https:\/\/pt.pinterest.com\/joseleitedecastro\/"]},{"@type":"Person","@id":"https:\/\/jlc.pt\/en\/#\/schema\/person\/4154b1a8cc4e20bf6ef3c97e52da5f28","name":"juliano.mourao","image":{"@type":"ImageObject","inLanguage":"en-US","@id":"https:\/\/secure.gravatar.com\/avatar\/2b6d8402404c79080939cc632fc9caf4ebd2f50403e58ba8eec5ecabad1c7c83?s=96&d=mm&r=g","url":"https:\/\/secure.gravatar.com\/avatar\/2b6d8402404c79080939cc632fc9caf4ebd2f50403e58ba8eec5ecabad1c7c83?s=96&d=mm&r=g","contentUrl":"https:\/\/secure.gravatar.com\/avatar\/2b6d8402404c79080939cc632fc9caf4ebd2f50403e58ba8eec5ecabad1c7c83?s=96&d=mm&r=g","caption":"juliano.mourao"}}]}},"_links":{"self":[{"href":"https:\/\/jlc.pt\/en\/wp-json\/wp\/v2\/posts\/8882","targetHints":{"allow":["GET"]}}],"collection":[{"href":"https:\/\/jlc.pt\/en\/wp-json\/wp\/v2\/posts"}],"about":[{"href":"https:\/\/jlc.pt\/en\/wp-json\/wp\/v2\/types\/post"}],"author":[{"embeddable":true,"href":"https:\/\/jlc.pt\/en\/wp-json\/wp\/v2\/users\/15"}],"replies":[{"embeddable":true,"href":"https:\/\/jlc.pt\/en\/wp-json\/wp\/v2\/comments?post=8882"}],"version-history":[{"count":3,"href":"https:\/\/jlc.pt\/en\/wp-json\/wp\/v2\/posts\/8882\/revisions"}],"predecessor-version":[{"id":8908,"href":"https:\/\/jlc.pt\/en\/wp-json\/wp\/v2\/posts\/8882\/revisions\/8908"}],"wp:featuredmedia":[{"embeddable":true,"href":"https:\/\/jlc.pt\/en\/wp-json\/wp\/v2\/media\/8899"}],"wp:attachment":[{"href":"https:\/\/jlc.pt\/en\/wp-json\/wp\/v2\/media?parent=8882"}],"wp:term":[{"taxonomy":"category","embeddable":true,"href":"https:\/\/jlc.pt\/en\/wp-json\/wp\/v2\/categories?post=8882"},{"taxonomy":"post_tag","embeddable":true,"href":"https:\/\/jlc.pt\/en\/wp-json\/wp\/v2\/tags?post=8882"}],"curies":[{"name":"wp","href":"https:\/\/api.w.org\/{rel}","templated":true}]}}